[{"@context":"https:\/\/schema.org\/","@type":"Article","@id":"https:\/\/www.fitcon.cz\/vyskove-prace\/#Article","mainEntityOfPage":"https:\/\/www.fitcon.cz\/vyskove-prace\/","headline":"V\u00fd\u0161kov\u00e9 pr\u00e1ce","name":"V\u00fd\u0161kov\u00e9 pr\u00e1ce","description":"Objednejte si n\u00e1s, chcete-li srovnat ant\u00e9ny na st\u0159e\u0161e, pot\u0159ebujete-li opravit kom\u00edn nebo nat\u0159\u00edt st\u0159echu v z\u00e1vratn\u00e9 v\u00fd\u0161ce. Zavolejte pr\u00e1v\u011b n\u00e1m, jestli\u017ee v\u00fd\u0161kov\u00e9 pr\u00e1ce jsou v\u00e1m na hony vzd\u00e1len\u00e9. Nikdo p\u0159ece neum\u00ed v\u0161echno, ka\u017ed\u00fd jsme odborn\u00edkem ve sv\u00e9m oboru. Popt\u00e1v\u00e1te myt\u00ed oken, \u00faklidov\u00e9 pr\u00e1ce, n\u00e1t\u011bry fas\u00e1d a \u010di\u0161t\u011bn\u00ed okap\u016f? Na tuto pr\u00e1ci se asi nikdo nehrne, [&hellip;]","datePublished":"2025-02-07","dateModified":"2025-02-07","author":{"@type":"Person","@id":"https:\/\/www.fitcon.cz\/author\/#Person","name":"","url":"https:\/\/www.fitcon.cz\/author\/","identifier":1,"image":{"@type":"ImageObject","@id":"https:\/\/secure.gravatar.com\/avatar\/91b1fc57487c55a66a7777af0dd690bf69c571b4a9b15cda0db8854a78b7888c?s=96&d=mm&r=g","url":"https:\/\/secure.gravatar.com\/avatar\/91b1fc57487c55a66a7777af0dd690bf69c571b4a9b15cda0db8854a78b7888c?s=96&d=mm&r=g","height":96,"width":96}},"publisher":{"@type":"Organization","name":"fitcon.cz","logo":{"@type":"ImageObject","@id":"\/logo.png","url":"\/logo.png","width":600,"height":60}},"url":"https:\/\/www.fitcon.cz\/vyskove-prace\/","wordCount":176,"articleBody":"Objednejte si n\u00e1s, chcete-li srovnat ant\u00e9ny na st\u0159e\u0161e, pot\u0159ebujete-li opravit kom\u00edn nebo nat\u0159\u00edt st\u0159echu v z\u00e1vratn\u00e9 v\u00fd\u0161ce. Zavolejte pr\u00e1v\u011b n\u00e1m, jestli\u017ee v\u00fd\u0161kov\u00e9 pr\u00e1ce jsou v\u00e1m na hony vzd\u00e1len\u00e9. Nikdo p\u0159ece neum\u00ed v\u0161echno, ka\u017ed\u00fd jsme odborn\u00edkem ve sv\u00e9m oboru.Popt\u00e1v\u00e1te myt\u00ed oken, \u00faklidov\u00e9 pr\u00e1ce, n\u00e1t\u011bry fas\u00e1d a \u010di\u0161t\u011bn\u00ed okap\u016f? Na tuto pr\u00e1ci se asi nikdo nehrne, tak\u017ee nejvhodn\u011bj\u0161\u00ed bude zadat po\u017eadavek na v\u00fd\u0161kov\u00e9 pr\u00e1ce.Pro\u0161kolen\u00ed pracovn\u00edciPro pr\u00e1ci ve v\u00fd\u0161k\u00e1ch jsou pro\u0161kolen\u00ed profesion\u00e1ln\u00ed pracovn\u00edci, kte\u0159\u00ed jsou ji\u0161t\u011bni lany a d\u016fmysln\u00fdm vyva\u017eovac\u00edm za\u0159\u00edzen\u00edm. Nav\u00edc v\u00fd\u0161kov\u00e9 pr\u00e1ce pro n\u011b nejsou rizikem, ale ka\u017edodenn\u00ed rutinou, kterou podstupuj\u00ed dobrovoln\u011b a za kterou dostanou zaplaceno. Vyberte profi firmu se zku\u0161enostmi, kter\u00e1 v\u00e1m zajist\u00ed komplexnost slu\u017eeb rychle, kvalitn\u011b a za rozumnou cenu.                                                                                                                                                                                                                                                                                                                                                                                        3.7\/5 - (4 votes)        "},{"@context":"https:\/\/schema.org\/","@type":"BreadcrumbList","itemListElement":[{"@type":"ListItem","position":1,"name":"V\u00fd\u0161kov\u00e9 pr\u00e1ce","item":"https:\/\/www.fitcon.cz\/vyskove-prace\/#breadcrumbitem"}]}]