[{"@context":"https:\/\/schema.org\/","@type":"Article","@id":"https:\/\/www.fitcon.cz\/vestavna-skrin-vitezi-na-cele-care\/#Article","mainEntityOfPage":"https:\/\/www.fitcon.cz\/vestavna-skrin-vitezi-na-cele-care\/","headline":"Vestavn\u00e1 sk\u0159\u00ed\u0148 v\u00edt\u011bz\u00ed na cel\u00e9 \u010d\u00e1\u0159e","name":"Vestavn\u00e1 sk\u0159\u00ed\u0148 v\u00edt\u011bz\u00ed na cel\u00e9 \u010d\u00e1\u0159e","description":"\u017d\u00e1dn\u00e1 jin\u00e1 sk\u0159\u00ed\u0148 nen\u00ed tak variabiln\u00ed jako vestavn\u00e1 sk\u0159\u00ed\u0148. O tom se m\u016f\u017eete p\u0159esv\u011bd\u010dit na vlastn\u00ed k\u016f\u017ei t\u00edm, \u017ee si ji po\u0159\u00edd\u00edte. Takov\u00fdm n\u00e1kupem toti\u017e nem\u016f\u017eete ud\u011blat chybu.&#13; &#13; Nev\u011b\u0159\u00edte? Tak \u010dt\u011bte d\u00e1le! &#13; &#13; A\u0165 u\u017e se zam\u011b\u0159\u00edte na praktick\u00e9 vyu\u017eit\u00ed, na cenu anebo na estetickou str\u00e1nku v\u011bci, vestav\u011bn\u00e1 sk\u0159\u00ed\u0148 v t\u011bchto ohledech v\u017edycky [&hellip;]","datePublished":"2018-07-04","dateModified":"2023-05-05","author":{"@type":"Person","@id":"https:\/\/www.fitcon.cz\/author\/#Person","name":"","url":"https:\/\/www.fitcon.cz\/author\/","identifier":1,"image":{"@type":"ImageObject","@id":"https:\/\/secure.gravatar.com\/avatar\/91b1fc57487c55a66a7777af0dd690bf69c571b4a9b15cda0db8854a78b7888c?s=96&d=mm&r=g","url":"https:\/\/secure.gravatar.com\/avatar\/91b1fc57487c55a66a7777af0dd690bf69c571b4a9b15cda0db8854a78b7888c?s=96&d=mm&r=g","height":96,"width":96}},"publisher":{"@type":"Organization","name":"fitcon.cz","logo":{"@type":"ImageObject","@id":"\/logo.png","url":"\/logo.png","width":600,"height":60}},"image":{"@type":"ImageObject","@id":"https:\/\/www.fitcon.cz\/wp-content\/uploads\/img_a324277_w2501_t1536066565.jpg","url":"https:\/\/www.fitcon.cz\/wp-content\/uploads\/img_a324277_w2501_t1536066565.jpg","height":0,"width":0},"url":"https:\/\/www.fitcon.cz\/vestavna-skrin-vitezi-na-cele-care\/","about":["\u017deny"],"wordCount":432,"articleBody":" \u017d\u00e1dn\u00e1 jin\u00e1 sk\u0159\u00ed\u0148 nen\u00ed tak variabiln\u00ed jako vestavn\u00e1 sk\u0159\u00ed\u0148. O tom se m\u016f\u017eete p\u0159esv\u011bd\u010dit na vlastn\u00ed k\u016f\u017ei t\u00edm, \u017ee si ji po\u0159\u00edd\u00edte. Takov\u00fdm n\u00e1kupem toti\u017e nem\u016f\u017eete ud\u011blat chybu.&#13; &#13; Nev\u011b\u0159\u00edte? Tak \u010dt\u011bte d\u00e1le!&#13; &#13; A\u0165 u\u017e se zam\u011b\u0159\u00edte na praktick\u00e9 vyu\u017eit\u00ed, na cenu anebo na estetickou str\u00e1nku v\u011bci, vestav\u011bn\u00e1 sk\u0159\u00ed\u0148 v t\u011bchto ohledech v\u017edycky vede.&#13; &#13; Mnoho lid\u00ed se v prvn\u00ed \u0159ad\u011b orientuje v\u017edy podle ceny v\u011bc\u00ed, kter\u00e9 si cht\u011bj\u00ed po\u0159\u00eddit. Nezaj\u00edm\u00e1 je kvalita, nezaj\u00edm\u00e1 je to, jak tyto v\u011bci vypadaj\u00ed, zkr\u00e1tka maj\u00ed z\u00e1jem o co nejni\u017e\u0161\u00ed cenu. Pokud jde o cenu vestavn\u00fdch sk\u0159\u00edn\u00ed, tak se v\u00e1m vyplat\u00ed si v\u0161e \u0159\u00e1dn\u011b spo\u010d\u00edtat. Ov\u0161em jasn\u00e9 je, \u017ee nesm\u00edte porovn\u00e1vat cenu jednotliv\u00fdch sk\u0159\u00edn\u00ed, n\u00fdbr\u017e cenu na jednotku objemu \u00falo\u017en\u00e9ho prostoru. Takov\u00e1 vestav\u011bn\u00e1 sk\u0159\u00ed\u0148 v\u00e1m toti\u017e poskytne takov\u00fd objem \u00falo\u017en\u00e9ho prostoru jako n\u011bkolik b\u011b\u017en\u00fdch sk\u0159\u00edn\u00ed. Tak\u017ee kdy\u017e si v\u0161e \u0159\u00e1dn\u011b spo\u010d\u00edt\u00e1te, tak uvid\u00edte, \u017ee takov\u00e1 vestav\u011bn\u00e1 sk\u0159\u00ed\u0148 je ide\u00e1ln\u00edm ekvivalentem ji\u017e od po\u010dtu dvou klasick\u00fdch sk\u0159\u00edn\u00ed.&#13; &#13; Ten, koho zaj\u00edm\u00e1 praktick\u00e1 str\u00e1nka v\u011bci, bude z vestav\u011bn\u00fdch sk\u0159\u00edn\u00ed doslova nad\u0161en\u00fd. Vestav\u011bn\u00e1 sk\u0159\u00ed\u0148 v\u00e1m nab\u00edz\u00ed takov\u00fd objem \u00falo\u017en\u00e9ho prostoru, jak\u00fd v\u00e1m \u017e\u00e1dn\u00fd jin\u00fd n\u00e1bytek neposkytne. Nav\u00edc, m\u016f\u017eete ji nechat um\u00edstit kamkoli jen ve sv\u00e9m byt\u011b budete cht\u00edt. Tato sk\u0159\u00ed\u0148 je tedy ide\u00e1ln\u00edm \u0159e\u0161en\u00edm v\u0161ech m\u00e1lo vyu\u017e\u00edvan\u00fdch nebo nevzhledn\u00fdch kout\u016f, stejn\u011b jako \u0161ikmin pod st\u0159echami. Jej\u00ed vnit\u0159n\u00ed \u010dlen\u011bn\u00ed si m\u016f\u017eete stanovit sami podle toho, co v\u00e1m v\u00edce vyhovuje, a to plat\u00ed i o jin\u00fdch v\u011bcech, jako jsou nap\u0159\u00edklad zp\u016fsoby otev\u00edr\u00e1n\u00ed dv\u00ed\u0159ek \u010di um\u00edst\u011bn\u00fd zrcadlov\u00fdch ploch.&#13; &#13; Jen m\u00e1lokdo si ov\u0161em vyb\u00edr\u00e1 n\u00e1bytek jen podle jeho ceny a prakti\u010dnosti. Zvl\u00e1\u0161t\u011b \u017eeny na prvn\u00edm m\u00edst\u011b zaj\u00edm\u00e1 v\u017edycky to, jak takov\u00fd kus n\u00e1bytku \u201ezapadne\u201c do jejich bytu. A v tomto ohledu v\u00e1s vestavn\u00e9 sk\u0159\u00edn\u011b nezklamou. M\u016f\u017eete si do detailu napl\u00e1novat, jak bude konkr\u00e9tn\u011b ta va\u0161e sk\u0159\u00ed\u0148 vypadat. V\u0161e bude zhotoveno na m\u00edru, od jej\u00edch rozm\u011br\u016f, p\u0159es dekor dv\u00ed\u0159ek a\u017e po um\u00edst\u011bn\u00ed zrcadel.&#13;                                                                                                                                                                                                                                                                                                                                                                                         4.4\/5 - (8 votes)        "},{"@context":"https:\/\/schema.org\/","@type":"BreadcrumbList","itemListElement":[{"@type":"ListItem","position":1,"name":"Vestavn\u00e1 sk\u0159\u00ed\u0148 v\u00edt\u011bz\u00ed na cel\u00e9 \u010d\u00e1\u0159e","item":"https:\/\/www.fitcon.cz\/vestavna-skrin-vitezi-na-cele-care\/#breadcrumbitem"}]}]