[{"@context":"https:\/\/schema.org\/","@type":"Article","@id":"https:\/\/www.fitcon.cz\/vas-interier-si-zaslouzi-sedacky-ktere-do-neho-perfektne-zapadnou\/#Article","mainEntityOfPage":"https:\/\/www.fitcon.cz\/vas-interier-si-zaslouzi-sedacky-ktere-do-neho-perfektne-zapadnou\/","headline":"V\u00e1\u0161 interi\u00e9r si zaslou\u017e\u00ed seda\u010dky, kter\u00e9 do n\u011bho perfektn\u011b zapadnou","name":"V\u00e1\u0161 interi\u00e9r si zaslou\u017e\u00ed seda\u010dky, kter\u00e9 do n\u011bho perfektn\u011b zapadnou","description":"Sedac\u00ed soupravy Kde se daj\u00ed po\u0159\u00eddit ty nejlep\u0161\u00ed a cenov\u011b dostupn\u00e9 Sedac\u00ed soupravy ? No p\u0159ece na na\u0161em internetov\u00e9m obchod\u011b. U n\u00e1s si vyberete z nejr\u016fzn\u011bj\u0161\u00edch materi\u00e1l\u016f, velikost\u00ed, typ\u016f a barev. Jsme si jisti, \u017ee s na\u0161imi v\u00fdrobky budete spokojeni a \u017ee v\u00e1m budou dlouho a dob\u0159e slou\u017eit. Jsme tu pro v\u00e1s. Sedac\u00ed soupravy Chcete [&hellip;]","datePublished":"2025-02-18","dateModified":"2025-02-18","author":{"@type":"Person","@id":"https:\/\/www.fitcon.cz\/author\/#Person","name":"","url":"https:\/\/www.fitcon.cz\/author\/","identifier":1,"image":{"@type":"ImageObject","@id":"https:\/\/secure.gravatar.com\/avatar\/91b1fc57487c55a66a7777af0dd690bf69c571b4a9b15cda0db8854a78b7888c?s=96&d=mm&r=g","url":"https:\/\/secure.gravatar.com\/avatar\/91b1fc57487c55a66a7777af0dd690bf69c571b4a9b15cda0db8854a78b7888c?s=96&d=mm&r=g","height":96,"width":96}},"publisher":{"@type":"Organization","name":"fitcon.cz","logo":{"@type":"ImageObject","@id":"\/logo.png","url":"\/logo.png","width":600,"height":60}},"url":"https:\/\/www.fitcon.cz\/vas-interier-si-zaslouzi-sedacky-ktere-do-neho-perfektne-zapadnou\/","wordCount":177,"articleBody":" Sedac\u00ed soupravy Kde se daj\u00ed po\u0159\u00eddit ty nejlep\u0161\u00ed a cenov\u011b dostupn\u00e9 Sedac\u00ed soupravy ? No p\u0159ece na na\u0161em internetov\u00e9m obchod\u011b. U n\u00e1s si vyberete z nejr\u016fzn\u011bj\u0161\u00edch materi\u00e1l\u016f, velikost\u00ed, typ\u016f a barev. Jsme si jisti, \u017ee s na\u0161imi v\u00fdrobky budete spokojeni a \u017ee v\u00e1m budou dlouho a dob\u0159e slou\u017eit. Jsme tu pro v\u00e1s. Sedac\u00ed soupravy Chcete i vy okusit ten komfort, kter\u00fd v\u00e1m na\u0161e Sedac\u00ed soupravy mohou nab\u00eddnout? Sta\u010d\u00ed k tomu p\u00e1r jednoduch\u00fdch v\u011bc\u00ed. Vybrat si tvar a proveden\u00ed, pak bude n\u00e1sledovat v\u00fdb\u011br potahu a \u010daloun\u011bn\u00ed. Tomu v\u011bnujte dostate\u010dnou pozornost z d\u016fvodu toho, \u017ee s v\u00e1mi bude v ob\u00fdvac\u00edm pokoji n\u011bkolik let. Bude spole\u010dn\u00edkem, kter\u00e9ho si zamilujete. Kr\u00e1sa a design Pokud v\u00e1m u sedac\u00ed soupravy nejde jen o cenu, ale ocen\u00edte v\u00edce designov\u00fdch prvk\u016f, tak\u00e9 si u n\u00e1s v pohod\u011b vyberete. Sta\u010d\u00ed nahl\u00e9dnout do na\u0161eho eshopu.                                                                                                                                                                                                                                                                                                                                                                                                "},{"@context":"https:\/\/schema.org\/","@type":"BreadcrumbList","itemListElement":[{"@type":"ListItem","position":1,"name":"V\u00e1\u0161 interi\u00e9r si zaslou\u017e\u00ed seda\u010dky, kter\u00e9 do n\u011bho perfektn\u011b zapadnou","item":"https:\/\/www.fitcon.cz\/vas-interier-si-zaslouzi-sedacky-ktere-do-neho-perfektne-zapadnou\/#breadcrumbitem"}]}]