[{"@context":"https:\/\/schema.org\/","@type":"Article","@id":"https:\/\/www.fitcon.cz\/roztoci-z-bytu-pryc\/#Article","mainEntityOfPage":"https:\/\/www.fitcon.cz\/roztoci-z-bytu-pryc\/","headline":"Rozto\u010di z bytu pry\u010d","name":"Rozto\u010di z bytu pry\u010d","description":"Nejprve mus\u00edme poznamenat, \u017ee zbavit se rozto\u010d\u016f zcela nejde. Jedno je v\u0161ak jist\u00e9, jde jejich v\u00fdskyt v\u00a0dom\u00e1cnostech omezit. Omezit tyto nev\u00edtan\u00e9 n\u00e1v\u0161t\u011bvn\u00edky dom\u00e1cnosti m\u016f\u017eeme t\u00edm, \u017ee se budeme maxim\u00e1ln\u011b v\u011bnovat \u00faklidu, pravideln\u011b ut\u00edrat prach i z\u00a0horn\u00edch sk\u0159\u00edn\u011bk. Kv\u011btiny v\u00a0byt\u011b se obecn\u011b nedoporu\u010duj\u00ed ale pokud u\u017e tak m\u00e1te a nechcete m\u011bnit, nezapome\u0148te je pravideln\u011b sprchovat lehce [&hellip;]","datePublished":"2023-05-05","dateModified":"2023-05-05","author":{"@type":"Person","@id":"https:\/\/www.fitcon.cz\/author\/#Person","name":"","url":"https:\/\/www.fitcon.cz\/author\/","identifier":1,"image":{"@type":"ImageObject","@id":"https:\/\/secure.gravatar.com\/avatar\/91b1fc57487c55a66a7777af0dd690bf69c571b4a9b15cda0db8854a78b7888c?s=96&d=mm&r=g","url":"https:\/\/secure.gravatar.com\/avatar\/91b1fc57487c55a66a7777af0dd690bf69c571b4a9b15cda0db8854a78b7888c?s=96&d=mm&r=g","height":96,"width":96}},"publisher":{"@type":"Organization","name":"fitcon.cz","logo":{"@type":"ImageObject","@id":"\/logo.png","url":"\/logo.png","width":600,"height":60}},"image":{"@type":"ImageObject","@id":"https:\/\/www.fitcon.cz\/wp-content\/uploads\/img_a332123_w2538_t1544789580.jpg","url":"https:\/\/www.fitcon.cz\/wp-content\/uploads\/img_a332123_w2538_t1544789580.jpg","height":0,"width":0},"url":"https:\/\/www.fitcon.cz\/roztoci-z-bytu-pryc\/","wordCount":421,"articleBody":"Nejprve mus\u00edme poznamenat, \u017ee zbavit se rozto\u010d\u016f zcela nejde. Jedno je v\u0161ak jist\u00e9, jde jejich v\u00fdskyt v\u00a0dom\u00e1cnostech omezit. Omezit tyto nev\u00edtan\u00e9 n\u00e1v\u0161t\u011bvn\u00edky dom\u00e1cnosti m\u016f\u017eeme t\u00edm, \u017ee se budeme maxim\u00e1ln\u011b v\u011bnovat \u00faklidu, pravideln\u011b ut\u00edrat prach i z\u00a0horn\u00edch sk\u0159\u00edn\u011bk. Kv\u011btiny v\u00a0byt\u011b se obecn\u011b nedoporu\u010duj\u00ed ale pokud u\u017e tak m\u00e1te a nechcete m\u011bnit, nezapome\u0148te je pravideln\u011b sprchovat lehce vla\u017enou vodou, pokud to u citliv\u00fdch druh\u016f nejde pak alespo\u0148 listy pravideln\u011b ot\u00edrat od prachu ka\u017ed\u00e9 dva t\u00fddny.Koberec z\u00a0bytu pry\u010dIde\u00e1ln\u00ed pro alergika je, kdy\u017e m\u00e1 dom\u00e1cnost bez koberc\u016f. Je to p\u0159edev\u0161\u00edm kv\u016fli n\u00e1ro\u010dnosti \u00faklidu. Samotn\u00e9 vys\u00e1v\u00e1n\u00ed nesta\u010d\u00ed a je nutn\u00e9 jednou za \u010das koberec po\u0159\u00e1dn\u011b za pomoci tetova\u010de vy\u010distit. Klasick\u00e9 lino, plovouc\u00ed nebo d\u0159ev\u011bn\u00e1 podlaha jsou oproti tomu ide\u00e1ln\u00ed.Dom\u00e1c\u00ed mazl\u00ed\u010dci ano, ale\u2026Na prvn\u00ed pohled zv\u00ed\u0159\u00e1tko a alergie na rozto\u010de a prach nejdou k\u00a0sob\u011b. Je to pravda, pejsek, ko\u010di\u010dka, kr\u00e1l\u00ed\u010dek, opravdu mus\u00ed z\u00a0bytu pry\u010d. Jsou v\u0161ak ale zv\u00ed\u0159\u00e1tka, kter\u00e1 si s\u00a0klidem m\u016f\u017eeme po\u0159\u00eddit, p\u0159\u00edkladem jsou nap\u0159\u00edklad stra\u0161ilky, co\u017e je druh hmyzu, kter\u00fd je nav\u00edc t\u00e9m\u011b\u0159 nen\u00e1ro\u010dn\u00fd na chov.\u017daluzie, ra\u010dte d\u00e1l Z\u00e1clony jsou lapa\u010de prachu stejn\u011b tak jako z\u00e1v\u011bsy. Perou se jednou za \u010das, a to je d\u016fvodem toho pro\u010d b\u00fdvaj\u00ed pln\u00e9 prachu. Pokud zva\u017eujete, jak za\u0159\u00eddit dom\u00e1cnost pro alergika, nebo jste-li sami alergi\u010dt\u00ed rozhodn\u011b je dobr\u00e9 pop\u0159em\u00fd\u0161let nad po\u0159\u00edzen\u00edm \u017ealuzi\u00ed.\u010cisti\u010dka vzduchuMnoho lid\u00ed m\u016f\u017ee nam\u00edtnout \u017ee sta\u010d\u00ed otev\u0159\u00edt okno a nen\u00ed t\u0159eba \u010disti\u010dky. Je to pravda, nen\u00ed t\u0159eba \u010disti\u010dky v\u00a0l\u00e9t\u011b, kdy je okno otev\u0159en\u00e9 neust\u00e1le. Ov\u0161em v\u00a0zimn\u00edch m\u011bs\u00edc\u00edch, kdy v\u011btr\u00e1me m\u00e9n\u011b \u010dasto je to skv\u011bl\u00fd pomocn\u00edk. Jej\u00ed v\u00fdhodou je, \u017ee dok\u00e1\u017ee nejen zlep\u0161it klima v\u00a0m\u00edstnosti, ale zachyt\u00e1v\u00e1 na sv\u016fj filtr tak\u00e9 prach.V\u011b\u0159\u00edme, \u017ee \u010dl\u00e1nek byl inspirac\u00ed k\u00a0tomu, abychom pochopily \u017ee alergie na prach a rozto\u010de nen\u00ed nic zas tak hrozn\u00e9ho, sta\u010d\u00ed si tro\u0161ku upravit prost\u0159ed\u00ed ve kter\u00e9m \u017eijeme a r\u00e1zem bude v\u0161e lep\u0161\u00ed.                                                                                                                                                                                                                                                                                                                                                                                        4.8\/5 - (10 votes)        "},{"@context":"https:\/\/schema.org\/","@type":"BreadcrumbList","itemListElement":[{"@type":"ListItem","position":1,"name":"Rozto\u010di z bytu pry\u010d","item":"https:\/\/www.fitcon.cz\/roztoci-z-bytu-pryc\/#breadcrumbitem"}]}]