[{"@context":"https:\/\/schema.org\/","@type":"Article","@id":"https:\/\/www.fitcon.cz\/klidne-a-prijemne-prostredi-pro-kazdeho\/#Article","mainEntityOfPage":"https:\/\/www.fitcon.cz\/klidne-a-prijemne-prostredi-pro-kazdeho\/","headline":"Klidn\u00e9 a p\u0159\u00edjemn\u00e9 prost\u0159ed\u00ed pro ka\u017ed\u00e9ho","name":"Klidn\u00e9 a p\u0159\u00edjemn\u00e9 prost\u0159ed\u00ed pro ka\u017ed\u00e9ho","description":"Nem\u00e1te zrovna na to, abyste hradili hotel, ale pot\u0159ebujete z\u016fstat del\u0161\u00ed dobu v hlavn\u00edm m\u011bst\u011b? Jste jednotlivec nebo skupina student\u016f, zam\u011bstnanc\u016f, \u010di turist\u016f? Ubytovna Praha v\u00e1m zajist\u00ed kvalitn\u00ed a p\u0159\u00edjemn\u00e9 z\u00e1zem\u00ed, ve kter\u00e9m si najdou pohodl\u00ed a klid i nejn\u00e1ro\u010dn\u011bj\u0161\u00ed klienti. Ceny odpov\u00eddaj\u00ed komfortu a slu\u017eb\u00e1m. Neum\u0159ete ani hlady, proto\u017ee je v\u00e1m k dispozici kuchyn\u011b [&hellip;]","datePublished":"2025-09-03","dateModified":"2025-09-03","author":{"@type":"Person","@id":"https:\/\/www.fitcon.cz\/author\/#Person","name":"","url":"https:\/\/www.fitcon.cz\/author\/","identifier":1,"image":{"@type":"ImageObject","@id":"https:\/\/secure.gravatar.com\/avatar\/91b1fc57487c55a66a7777af0dd690bf69c571b4a9b15cda0db8854a78b7888c?s=96&d=mm&r=g","url":"https:\/\/secure.gravatar.com\/avatar\/91b1fc57487c55a66a7777af0dd690bf69c571b4a9b15cda0db8854a78b7888c?s=96&d=mm&r=g","height":96,"width":96}},"publisher":{"@type":"Organization","name":"fitcon.cz","logo":{"@type":"ImageObject","@id":"\/logo.png","url":"\/logo.png","width":600,"height":60}},"url":"https:\/\/www.fitcon.cz\/klidne-a-prijemne-prostredi-pro-kazdeho\/","wordCount":182,"articleBody":"Nem\u00e1te zrovna na to, abyste hradili hotel, ale pot\u0159ebujete z\u016fstat del\u0161\u00ed dobu v hlavn\u00edm m\u011bst\u011b? Jste jednotlivec nebo skupina student\u016f, zam\u011bstnanc\u016f, \u010di turist\u016f? Ubytovna Praha v\u00e1m zajist\u00ed kvalitn\u00ed a p\u0159\u00edjemn\u00e9 z\u00e1zem\u00ed, ve kter\u00e9m si najdou pohodl\u00ed a klid i nejn\u00e1ro\u010dn\u011bj\u0161\u00ed klienti. Ceny odpov\u00eddaj\u00ed komfortu a slu\u017eb\u00e1m. Neum\u0159ete ani hlady, proto\u017ee je v\u00e1m k dispozici kuchyn\u011b se z\u00e1kladn\u00edm vybaven\u00edm a k tomu i pra\u010dka, \u017eehli\u010dka nebo vysou\u0161e\u010d vlas\u016f. Slu\u017eebn\u00ed cesta nebo nov\u00e9 zam\u011bstn\u00e1n\u00ed? Nem\u016f\u017eete si dovolit ka\u017ed\u00fd den doj\u00ed\u017ed\u011bt tam a zp\u011bt a pot\u0159ebujete kvalitn\u00ed z\u00e1zem\u00ed? Ubytovna Praha v\u00e1s nenech\u00e1 sp\u00e1t pod \u0161ir\u00e1kem. Za skv\u011bl\u00e9 a dostupn\u00e9 ceny v\u00e1m poskytne kvalitn\u00ed prost\u0159ed\u00ed v n\u011bkolika m\u011bstsk\u00fdch \u010d\u00e1st\u00edch, kde najdete svoji postel, sprchu, sk\u0159\u00ed\u0148 a rovnou i bezdr\u00e1tov\u00e9 p\u0159ipojen\u00ed k internetu. Nev\u00edte si s n\u011b\u010d\u00edm rady? Person\u00e1l recepce je v\u00e1m k dispozici 24 hodin denn\u011b.                                                                                                                                                                                                                                                                                                                                                                                                "},{"@context":"https:\/\/schema.org\/","@type":"BreadcrumbList","itemListElement":[{"@type":"ListItem","position":1,"name":"Klidn\u00e9 a p\u0159\u00edjemn\u00e9 prost\u0159ed\u00ed pro ka\u017ed\u00e9ho","item":"https:\/\/www.fitcon.cz\/klidne-a-prijemne-prostredi-pro-kazdeho\/#breadcrumbitem"}]}]