[{"@context":"https:\/\/schema.org\/","@type":"Article","@id":"https:\/\/www.fitcon.cz\/bublinkova-folie-kralovna-baliciho-materialu\/#Article","mainEntityOfPage":"https:\/\/www.fitcon.cz\/bublinkova-folie-kralovna-baliciho-materialu\/","headline":"Bublinkov\u00e1 f\u00f3lie \u2013 kr\u00e1lovna balic\u00edho materi\u00e1lu","name":"Bublinkov\u00e1 f\u00f3lie \u2013 kr\u00e1lovna balic\u00edho materi\u00e1lu","description":"Tak\u00e9 v\u00e1m p\u0159ipad\u00e1, \u017ee si bublinkov\u00e1 f\u00f3lie vede tak \u00fasp\u011b\u0161n\u011b za celou dobu sv\u00e9ho p\u016fsoben\u00ed na trhu? Tak\u00e9 se domn\u00edv\u00e1te, \u017ee by to mohla b\u00fdt kr\u00e1lovna balic\u00edho materi\u00e1lu? Mo\u017en\u00e1 bychom si tyto domn\u011bnky potvrdili, kdybychom uspo\u0159\u00e1dali anketu a ptali se v n\u00ed b\u011b\u017en\u00fdch smrteln\u00edk\u016f nap\u0159\u00ed\u010d r\u016fzn\u00fdm v\u011bkov\u00fdm spektrem a pracovn\u00edmi obory. \u010c\u00edm je pro mnoh\u00e9 [&hellip;]","datePublished":"2022-06-30","dateModified":"2023-05-05","author":{"@type":"Person","@id":"https:\/\/www.fitcon.cz\/author\/#Person","name":"","url":"https:\/\/www.fitcon.cz\/author\/","identifier":1,"image":{"@type":"ImageObject","@id":"https:\/\/secure.gravatar.com\/avatar\/91b1fc57487c55a66a7777af0dd690bf69c571b4a9b15cda0db8854a78b7888c?s=96&d=mm&r=g","url":"https:\/\/secure.gravatar.com\/avatar\/91b1fc57487c55a66a7777af0dd690bf69c571b4a9b15cda0db8854a78b7888c?s=96&d=mm&r=g","height":96,"width":96}},"publisher":{"@type":"Organization","name":"fitcon.cz","logo":{"@type":"ImageObject","@id":"\/logo.png","url":"\/logo.png","width":600,"height":60}},"image":{"@type":"ImageObject","@id":"https:\/\/www.fitcon.cz\/wp-content\/uploads\/scissors-1986602_640_4.jpg","url":"https:\/\/www.fitcon.cz\/wp-content\/uploads\/scissors-1986602_640_4.jpg","height":0,"width":0},"url":"https:\/\/www.fitcon.cz\/bublinkova-folie-kralovna-baliciho-materialu\/","about":["Zbo\u017e\u00ed"],"wordCount":439,"articleBody":"   Tak\u00e9 v\u00e1m p\u0159ipad\u00e1, \u017ee si bublinkov\u00e1 f\u00f3lie vede tak \u00fasp\u011b\u0161n\u011b za celou dobu sv\u00e9ho p\u016fsoben\u00ed na trhu? Tak\u00e9 se domn\u00edv\u00e1te, \u017ee by to mohla b\u00fdt kr\u00e1lovna balic\u00edho materi\u00e1lu? Mo\u017en\u00e1 bychom si tyto domn\u011bnky potvrdili, kdybychom uspo\u0159\u00e1dali anketu a ptali se v n\u00ed b\u011b\u017en\u00fdch smrteln\u00edk\u016f nap\u0159\u00ed\u010d r\u016fzn\u00fdm v\u011bkov\u00fdm spektrem a pracovn\u00edmi obory. \u010c\u00edm je pro mnoh\u00e9 z n\u00e1s tak zaj\u00edmav\u00e1 a pro\u010d j\u00ed d\u00e1t p\u0159ednost p\u0159ed jin\u00fdm \u0159e\u0161en\u00edm?Je velmi levn\u00e1 a dob\u0159e dostupn\u00e1 \u2013 nemus\u00edte j\u00ed nikde pracn\u011b sh\u00e1n\u011bt, nen\u00ed to nedostatkov\u00fd sortiment, jako za socialismu toaletn\u00ed pap\u00edr, a m\u016f\u017eete si ji opat\u0159it v rol\u00edch, co\u017e je ostatn\u011b velmi v\u00fdhodn\u00e9, proto\u017ee se v\u00e1m m\u016f\u017ee doma na leccos hodit. Jej\u00ed cena je natolik n\u00edzk\u00e1 \u017ee to nezruinuje snad nikoho.Ide\u00e1ln\u00ed pro malov\u00e1n\u00ed pokoj\u016f \u2013 mal\u00ed\u0159i pokoj\u016f pou\u017e\u00edvaj\u00ed na zakr\u00fdv\u00e1n\u00ed oken, dve\u0159\u00ed, podlahy, n\u00e1bytku a dal\u0161\u00edch p\u0159edm\u011bt\u016f a \u010d\u00e1st\u00ed stavebn\u00ed konstrukce v\u011bt\u0161inou tenkou polyetylenovou zakr\u00fdvac\u00ed f\u00f3lii. Ta m\u016f\u017ee b\u00fdt n\u011bkdy a\u017e p\u0159\u00edli\u0161 tenk\u00e1, a pokud se protrhne v nejm\u00e9n\u011b vhodn\u00e9 chv\u00edli, nebude v\u00e1m nic platn\u00e1. Bublinkov\u00e1 f\u00f3lie je kompaktn\u011bj\u0161\u00ed, pevn\u011bj\u0161\u00ed a hou\u017eevnat\u011bj\u0161\u00ed a pro tyto \u00fa\u010dely je v\u00fdhodn\u011bj\u0161\u00ed. M\u016f\u017eete ji vyu\u017e\u00edt i pro zakr\u00fdv\u00e1n\u00ed podlahy v p\u0159\u00edpad\u011b, \u017ee se chyst\u00e1te malbu \u0161kr\u00e1bat, kdybyste pou\u017eili  http:\/\/tn.nova.cz\/clanek\/z-autosalonu-zmizela-luxusni-auta-za-miliony-pachatele-pouzili-klice.html pap\u00edr, rozm\u00e1\u010d\u00ed se a budete m\u00edt pod nohama doslova bl\u00e1to. Z f\u00f3lie nav\u00edc po vyschnut\u00ed se\u0161kr\u00e1banou vrstvu snadno vyklep\u00e1te a m\u016f\u017eete f\u00f3lii vyu\u017e\u00edt pro \u0161kr\u00e1b\u00e1n\u00ed malby opakovan\u011b.Zabal\u00edte do n\u00ed i sklo &#8211; bublinkovou f\u00f3lii https:\/\/www.2pack.cz\/folie\/bublinkova-folie2 velice r\u00e1di vyu\u017e\u00edvaj\u00ed mnoz\u00ed majitel\u00e9 e-shop\u016f, kte\u0159\u00ed do n\u00ed bal\u00ed z\u00e1silky trvanliv\u00fdch potravin, drogerie, skla a porcel\u00e1nu a dal\u0161\u00edch k\u0159ehk\u00fdch p\u0159edm\u011bt\u016f. Pochopiteln\u011b lze t\u00e9to vlastnosti vyu\u017e\u00edt i p\u0159i st\u011bhov\u00e1n\u00ed, kdy pot\u0159ebujete bezpe\u010dn\u011b a efektivn\u011b zabalit v\u011bci do kartonov\u00fdch beden. A pokud zabal\u00edte p\u0159edm\u011bt do v\u00edce vrstev tak, \u017ee jej omot\u00e1te f\u00f3li\u00ed t\u0159eba t\u0159ikr\u00e1t, \u010dty\u0159ikr\u00e1t, t\u00edmto zp\u016fsobem lze bezpe\u010dn\u011b p\u0159epravovat i velmi k\u0159ehk\u00e9 sklo, k\u0159ehk\u00e9 v\u00fdrobky z plast\u016f apod.                                                                                                                                                                                                                                                                                                                                                                                          4.8\/5 - (6 votes)        "},{"@context":"https:\/\/schema.org\/","@type":"BreadcrumbList","itemListElement":[{"@type":"ListItem","position":1,"name":"Bublinkov\u00e1 f\u00f3lie \u2013 kr\u00e1lovna balic\u00edho materi\u00e1lu","item":"https:\/\/www.fitcon.cz\/bublinkova-folie-kralovna-baliciho-materialu\/#breadcrumbitem"}]}]